{"id":4128,"date":"2021-04-23T16:00:21","date_gmt":"2021-04-23T12:00:23","guid":{"rendered":"https:\/\/hondanet.ru\/ishondajet-er-enn-og-aftur-mest-selda-vidskiptathotan-i-sinum-flokki\/"},"modified":"2021-04-23T16:00:21","modified_gmt":"2021-04-23T12:00:23","slug":"ishondajet-er-enn-og-aftur-mest-selda-vidskiptathotan-i-sinum-flokki","status":"publish","type":"post","link":"https:\/\/hondanet.ru\/is\/ishondajet-er-enn-og-aftur-mest-selda-vidskiptathotan-i-sinum-flokki\/","title":{"rendered":"{:is}HondaJet er enn og aftur mest selda vi\u00f0skipta\u00feotan \u00ed s\u00ednum flokki"},"content":{"rendered":"<p>{:is}<br \/>\u00cd lok s\u00ed\u00f0asta \u00e1rs afhenti Honda Aircraft 31 flugv\u00e9l til vi\u00f0skiptavina<\/p>\n<p class=\"MsoNormal\" style=\"text-align: justify;\"> Samkv\u00e6mt n\u00fdjustu sk\u00fdrslu fr\u00e1 GAMA (samt\u00f6kum almennra flugframlei\u00f0enda), \u00e1ri\u00f0 2020 er HondaJet enn einu sinni afhentasta vi\u00f0skipta\u00feotan \u00ed s\u00ednum flokki (VLJ &#8211; mj\u00f6g l\u00e9tt \u00feota). \u00cd lok \u00e1rsins afhenti Honda Aircraft 31 flugv\u00e9l til vi\u00f0skiptavina fr\u00e1 \u00f6llum heimshornum (\u00e1ri \u00e1\u00f0ur afhenti framlei\u00f0andinn 36 flugv\u00e9lar, ritstj.). \u00dea\u00f0 er athyglisvert a\u00f0 \u00e1 \u00e1runum 2017, 2018 og 2019 var HondaJet einnig \u00ed efsta s\u00e6ti \u00ed ultral\u00e9ttum vi\u00f0skipta\u00feotuflokki. <\/p>\n<p class=\"MsoNormal\" style=\"text-align: center;\">\n<p class=\"MsoNormal\" style=\"text-align: justify;\"> \u201eVi\u00f0 erum stolt af \u00fev\u00ed a\u00f0 vi\u00f0skiptavinir okkar halda \u00e1fram a\u00f0 velja HondaJet fyrir \u00f3sam\u00feykktan \u00e1rangur, skilvirkni og \u00fe\u00e6gindi. \u00deetta \u00e1samt sterku al\u00fej\u00f3\u00f0legu s\u00f6lua\u00f0ilaneti okkar hefur gert HondaJet afhentustu flugv\u00e9larnar \u00ed s\u00ednum flokki. \u00dea\u00f0 er einnig vitnisbur\u00f0ur um skuldbindingu teymis okkar um a\u00f0 \u00fer\u00f3a lei\u00f0andi t\u00e6kni sem b\u00e6tir l\u00edf vi\u00f0skiptavina okkar um allan heim, \u201csag\u00f0i Michimasa Fujino, forseti og framkv\u00e6mdastj\u00f3ri Honda Aircraft Company.<\/p>\n<p class=\"MsoNormal\" style=\"text-align: justify;\"> \u00cd R\u00fasslandi og CIS l\u00f6ndunum hefur sala \u00e1 HondaJet veri\u00f0 opin s\u00ed\u00f0an \u00ed j\u00fal\u00ed 2016. AIM OF EMPEROR er fj\u00f6lbreyttur h\u00f3pur fyrirt\u00e6kja sem er s\u00f6lua\u00f0ili HondaJet flugv\u00e9la (vi\u00f0urkenndur s\u00f6lufulltr\u00fai HondaJet Mi\u00f0-Evr\u00f3pu \u00ed R\u00fasslandi og CIS), sem selur n\u00fdjustu n\u00fdst\u00e1rlegu jap\u00f6nsku vi\u00f0skipta\u00feotuna til R\u00fasslands og CIS marka\u00f0a. Markmi\u00f0 keisarah\u00f3psins tekur einnig vi\u00f0 ums\u00f3knum um uppf\u00e6r\u00f0a \u00fatg\u00e1fu af HondaJet Elite.<\/p>\n<p class=\"MsoNormal\" style=\"text-align: justify;\"> Mundu a\u00f0 16. september 2020 gaf Federal Air Transport Agency (FAVT) \u00fat r\u00fassneskt ger\u00f0arvottor\u00f0 fyrir l\u00e9ttu vi\u00f0skipta\u00feotuna Honda NA-420. Stofnunin hefur einnig gefi\u00f0 \u00fat ger\u00f0arvottor\u00f0 fyrir GE Honda Aero HF120 virkjanirnar sem eru b\u00fanar vi\u00f0skipta\u00feotu.<\/p>\n<p class=\"MsoNormal\" style=\"text-align: justify;\"> \u00cd jan\u00faar \u00e1 \u00feessu \u00e1ri tilkynnti Honda Aircraft a\u00f0 hafin yr\u00f0i vinna vi\u00f0 n\u00fdopna\u00f0a framlei\u00f0slu- og \u00fej\u00f3nustuverksmi\u00f0ju HondaJet Elite vi\u00f0skipta\u00feota, sem sta\u00f0sett er \u00ed h\u00f6fu\u00f0st\u00f6\u00f0vum fyrirt\u00e6kisins vi\u00f0 Piedmont Triad al\u00fej\u00f3\u00f0aflugv\u00f6llinn \u00ed Greensboro, Nor\u00f0ur-Kar\u00f3l\u00ednu. N\u00fd verksmi\u00f0ja me\u00f0 sv\u00e6\u00f0i 7600 ferm. M. er n\u00fdjasta vi\u00f0b\u00f3tin vi\u00f0 eigin 54 hektara framlei\u00f0slua\u00f0st\u00f6\u00f0u Honda Aircraft. Fyrirt\u00e6ki\u00f0 h\u00f3f byggingu n\u00fdju a\u00f0st\u00f6\u00f0unnar \u00ed lok j\u00fal\u00ed 2019 og lauk framkv\u00e6mdum \u00ed september 2020. Fj\u00e1rfesting \u00ed v\u00e6ngverksmi\u00f0junni var 24,3 millj\u00f3nir Bandar\u00edkjadala og f\u00e6r\u00f0i heildarfj\u00e1rfestingin \u00ed Nor\u00f0ur-Kar\u00f3l\u00ednu yfir 245 millj\u00f3nir dala.<\/p>\n","protected":false},"excerpt":{"rendered":"<p>{:is}\u00cd lok s\u00ed\u00f0asta \u00e1rs afhenti Honda Aircraft 31 flugv\u00e9l til vi\u00f0skiptavina Samkv\u00e6mt n\u00fdjustu sk\u00fdrslu fr\u00e1 GAMA (samt\u00f6kum almennra flugframlei\u00f0enda), \u00e1ri\u00f0 2020 er HondaJet enn einu sinni afhentasta vi\u00f0skipta\u00feotan \u00ed s\u00ednum flokki (VLJ &#8211; mj\u00f6g l\u00e9tt \u00feota). \u00cd lok \u00e1rsins afhenti Honda Aircraft 31 flugv\u00e9l til vi\u00f0skiptavina fr\u00e1 \u00f6llum&hellip;<\/p>\n","protected":false},"author":1,"featured_media":2445,"comment_status":"open","ping_status":"open","sticky":false,"template":"","format":"standard","meta":[],"categories":[275],"tags":[],"_links":{"self":[{"href":"https:\/\/hondanet.ru\/is\/wp-json\/wp\/v2\/posts\/4128"}],"collection":[{"href":"https:\/\/hondanet.ru\/is\/wp-json\/wp\/v2\/posts"}],"about":[{"href":"https:\/\/hondanet.ru\/is\/wp-json\/wp\/v2\/types\/post"}],"author":[{"embeddable":true,"href":"https:\/\/hondanet.ru\/is\/wp-json\/wp\/v2\/users\/1"}],"replies":[{"embeddable":true,"href":"https:\/\/hondanet.ru\/is\/wp-json\/wp\/v2\/comments?post=4128"}],"version-history":[{"count":0,"href":"https:\/\/hondanet.ru\/is\/wp-json\/wp\/v2\/posts\/4128\/revisions"}],"wp:featuredmedia":[{"embeddable":true,"href":"https:\/\/hondanet.ru\/is\/wp-json\/wp\/v2\/media\/2445"}],"wp:attachment":[{"href":"https:\/\/hondanet.ru\/is\/wp-json\/wp\/v2\/media?parent=4128"}],"wp:term":[{"taxonomy":"category","embeddable":true,"href":"https:\/\/hondanet.ru\/is\/wp-json\/wp\/v2\/categories?post=4128"},{"taxonomy":"post_tag","embeddable":true,"href":"https:\/\/hondanet.ru\/is\/wp-json\/wp\/v2\/tags?post=4128"}],"curies":[{"name":"wp","href":"https:\/\/api.w.org\/{rel}","templated":true}]}}