{"id":4118,"date":"2021-04-23T15:59:44","date_gmt":"2021-04-23T11:59:45","guid":{"rendered":"https:\/\/hondanet.ru\/isjet-it-vedjadi-a-hondajet-elite\/"},"modified":"2021-04-23T15:59:44","modified_gmt":"2021-04-23T11:59:45","slug":"isjet-it-vedjadi-a-hondajet-elite","status":"publish","type":"post","link":"https:\/\/hondanet.ru\/is\/isjet-it-vedjadi-a-hondajet-elite\/","title":{"rendered":"{:is}Jet It &#8211; ve\u00f0ja\u00f0i \u00e1 HondaJet Elite"},"content":{"rendered":"<p>{:is}<br \/>L\u00e9ttir til me\u00f0alst\u00f3rir atvinnu\u00feotu\u00fe\u00e6ttir sj\u00e1 sterkari bata innan flugtakmarkana<\/p>\n<p class=\"MsoNormal\" style=\"text-align: justify;\"> \u00de\u00f3 a\u00f0 heimsfaraldur COVID-19 hafi haft \u00e1hrif \u00e1 allar atvinnugreinar \u00ed flugi hefur hann opna\u00f0 n\u00fd t\u00e6kif\u00e6ri fyrir suma. Me\u00f0al \u00feeirra er einkafyrirt\u00e6ki\u00f0 Jet It, sem rekur HondaJet Elite og s\u00e9rh\u00e6fir sig \u00ed hlutafj\u00e1reign. L\u00e9ttu og me\u00f0alst\u00f3ru vi\u00f0skipta\u00feotu\u00fe\u00e6ttirnir sj\u00e1 sterkari bata innan flugtakmarkana. <\/p>\n<p class=\"MsoNormal\" style=\"text-align: center;\">\n<p class=\"MsoNormal\" style=\"text-align: justify;\"> \u201eOkkur finnst \u00feetta mj\u00f6g spennandi t\u00edmi,\u201c segir Glenn Gonzalez forstj\u00f3ri og me\u00f0stofnandi. \u201eVi\u00f0skiptal\u00edkani\u00f0 okkar veitir marka\u00f0num meira sj\u00e1lfr\u00e6\u00f0i og meiri stj\u00f3rn. S\u00e9rstaklega \u00ed heimsfaraldursumhverfinu \u00ed dag er vi\u00f0skiptam\u00f3del okkar \u00e1samt \u00feessum marka\u00f0i fr\u00e1b\u00e6rt t\u00e6kif\u00e6ri. \u201c Sem stendur er st\u00e6rsti hlutinn sem fyrirt\u00e6ki\u00f0 mun bj\u00f3\u00f0a helmingur v\u00e9larinnar fyrir $ 3 millj\u00f3nir. \u201eVi\u00f0 munum ekki selja alla flugv\u00e9lina, vi\u00f0 munum l\u00e1ta framlei\u00f0andann eftir. \u00d6nnur tilbo\u00f0 eru \u00e1 bilinu fr\u00e1 minnsta t\u00edunda til sj\u00f6tta, fimmta, fj\u00f3r\u00f0a og \u00feri\u00f0ja slag. Undanfarnar fj\u00f3rar vikur h\u00f6fum vi\u00f0 loka\u00f0 \u00feremur samningum, \u201cheldur \u00e1fram Gonzalez, varali\u00f0sforingi bandar\u00edska flughersins, sem \u00e1\u00f0ur starfa\u00f0i sem sv\u00e6\u00f0isbundinn s\u00f6lustj\u00f3ri Honda flugv\u00e9la \u00ed nor\u00f0austurhluta Bandar\u00edkjanna.<\/p>\n<p class=\"MsoNormal\" style=\"text-align: justify;\"> \u00d3l\u00edkt flestum hlutabr\u00e9fafyrirt\u00e6kjum notar Jet It daga frekar en klukkustundir \u00ed b\u00f3khaldi s\u00ednu, \u00fear sem helmingur hlutarins jafngildir 130 daga notkun flugv\u00e9la og l\u00e6kkar mi\u00f0a\u00f0 vi\u00f0 st\u00e6r\u00f0 hlutarins. \u201e\u00cd grundvallaratri\u00f0um er \u00feetta flugv\u00e9l \u00fe\u00edn fyrir daginn. \u00de\u00fa getur flogi\u00f0 \u00ed eins margar klukkustundir og vi\u00f0 getum passa\u00f0 inn \u00ed venjulegan skipadag. \u201c<\/p>\n<p class=\"MsoNormal\" style=\"text-align: justify;\"> Ranns\u00f3knir fyrirt\u00e6kisins s\u00fdna a\u00f0 d\u00e6migert verkefni \u00feess n\u00e6r til 2,7 far\u00feega og me\u00f0alflugst\u00edma 90 m\u00edn\u00fatur. \u00dear sem HondaJet flugv\u00e9lar eru n\u00fa sta\u00f0settar \u00ed Nor\u00f0ur-Kar\u00f3l\u00ednu, Virgin\u00edu, Delaware og Fl\u00f3r\u00edda, byggir Jet It rekstrarl\u00edkani\u00f0 \u00e1 \u00fev\u00ed a\u00f0 v\u00e9lin sn\u00fdr aftur til b\u00e6kist\u00f6\u00f0varinnar \u00e1 hverju kv\u00f6ldi og b\u00fd\u00f0ur vi\u00f0skiptavinum m\u00f6guleika \u00e1 a\u00f0 &#8222;sofa \u00ed eigin r\u00famum \u00ed lok dagsins.&#8220; \u00deetta \u00fe\u00fd\u00f0ir ekki a\u00f0 eigendur geti ekki nota\u00f0 flugv\u00e9lina til einstefnu. \u201eEf \u00fe\u00fa velur a\u00f0 gera \u00fea\u00f0, \u00fe\u00e1 \u00fearftu ekki a\u00f0 borga fyrir a\u00f0 flugv\u00e9lin komi aftur og s\u00e6kir \u00feig eftir \u00ferj\u00e1 til fj\u00f3ra daga.\u201c<\/p>\n<p class=\"MsoNormal\" style=\"text-align: justify;\"> Til vi\u00f0b\u00f3tar vi\u00f0 m\u00e1na\u00f0arlegt vi\u00f0haldsgjald og til a\u00f0 standa straum af nau\u00f0synlegum kostna\u00f0i eins og tryggingum og Wi-Fi, sem er $ 13.000 \u00e1 m\u00e1nu\u00f0i og er hlutfallslegt fyrir minni hluti, grei\u00f0a eigendur a\u00f0eins beinan rekstrarkostna\u00f0, sem n\u00fa er \u00e1\u00e6tla\u00f0ur $ 1.600 \u00e1 klukkustund., sem er umtalsvert l\u00e6gra en fyrir s\u00f6mu flugv\u00e9lar. Pakkinn inniheldur einnig alhli\u00f0a m\u00f3tt\u00f6ku\u00fej\u00f3nustu sem getur skipulagt flutninga \u00e1 j\u00f6r\u00f0u ni\u00f0ri \u00ed gegnum kj\u00f6rinn og \u00e1rei\u00f0anlegan s\u00f6lua\u00f0ila fyrirt\u00e6kisins sem og afhendingu matar til eigandans fr\u00e1 traustum birgjum. \u201e\u00deetta er \u00ed grundvallaratri\u00f0um eins og a\u00f0 hafa sinn eigin framkv\u00e6mdastj\u00f3ra \u00ed h\u00fasinu og \u00fea\u00f0 kostar ekkert aukalega fyrir \u00fea\u00f0.\u201c<\/p>\n<p class=\"MsoNormal\" style=\"text-align: justify;\"> Jet It flotinn samanstendur n\u00fa af fimm HondaJet Elites, \u00fear af fj\u00f3rir \u00ed sameign og s\u00e1 fimmti er leig\u00f0ur. \u00c1rlegur flugt\u00edmi er um \u00fea\u00f0 bil 800 flugt\u00edmar \u00e1 hverja flugv\u00e9l. Samkv\u00e6mt fyrirt\u00e6kinu var umfer\u00f0 \u00feegar um 70% af v\u00edsunum fyrir kreppuna um mi\u00f0jan j\u00fan\u00ed. H\u00f6fu\u00f0st\u00f6\u00f0var fyrirt\u00e6kisins eru \u00ed Greensboro, Nor\u00f0ur-Kar\u00f3l\u00ednu, vi\u00f0 hli\u00f0ina \u00e1 HondaJet verksmi\u00f0junni. Jet It hefur fastar pantanir fyrir 10 HondaJet Elites, en s\u00fa fyrsta mun koma til r\u00e1\u00f0st\u00f6funar hj\u00e1 fyrirt\u00e6kinu \u00ed \u00e1g\u00fast. \u00cd lok \u00e1rsins mun flugrekandinn f\u00e1 fj\u00f3rar v\u00e9lar \u00ed vi\u00f0b\u00f3t og hefja flug \u00ed n\u00e1grannar\u00edkinu Kanada. En fresta \u00feurfti \u00e1formum um a\u00f0 komast til Su\u00f0austur-As\u00edu \u00ed gegnum d\u00f3tturfyrirt\u00e6ki\u00f0 JetClub vegna heimsfaraldursins.<\/p>\n","protected":false},"excerpt":{"rendered":"<p>{:is}L\u00e9ttir til me\u00f0alst\u00f3rir atvinnu\u00feotu\u00fe\u00e6ttir sj\u00e1 sterkari bata innan flugtakmarkana \u00de\u00f3 a\u00f0 heimsfaraldur COVID-19 hafi haft \u00e1hrif \u00e1 allar atvinnugreinar \u00ed flugi hefur hann opna\u00f0 n\u00fd t\u00e6kif\u00e6ri fyrir suma. Me\u00f0al \u00feeirra er einkafyrirt\u00e6ki\u00f0 Jet It, sem rekur HondaJet Elite og s\u00e9rh\u00e6fir sig \u00ed hlutafj\u00e1reign. L\u00e9ttu og me\u00f0alst\u00f3ru vi\u00f0skipta\u00feotu\u00fe\u00e6ttirnir sj\u00e1&hellip;<\/p>\n","protected":false},"author":1,"featured_media":2445,"comment_status":"open","ping_status":"open","sticky":false,"template":"","format":"standard","meta":[],"categories":[275],"tags":[],"_links":{"self":[{"href":"https:\/\/hondanet.ru\/is\/wp-json\/wp\/v2\/posts\/4118"}],"collection":[{"href":"https:\/\/hondanet.ru\/is\/wp-json\/wp\/v2\/posts"}],"about":[{"href":"https:\/\/hondanet.ru\/is\/wp-json\/wp\/v2\/types\/post"}],"author":[{"embeddable":true,"href":"https:\/\/hondanet.ru\/is\/wp-json\/wp\/v2\/users\/1"}],"replies":[{"embeddable":true,"href":"https:\/\/hondanet.ru\/is\/wp-json\/wp\/v2\/comments?post=4118"}],"version-history":[{"count":0,"href":"https:\/\/hondanet.ru\/is\/wp-json\/wp\/v2\/posts\/4118\/revisions"}],"wp:featuredmedia":[{"embeddable":true,"href":"https:\/\/hondanet.ru\/is\/wp-json\/wp\/v2\/media\/2445"}],"wp:attachment":[{"href":"https:\/\/hondanet.ru\/is\/wp-json\/wp\/v2\/media?parent=4118"}],"wp:term":[{"taxonomy":"category","embeddable":true,"href":"https:\/\/hondanet.ru\/is\/wp-json\/wp\/v2\/categories?post=4118"},{"taxonomy":"post_tag","embeddable":true,"href":"https:\/\/hondanet.ru\/is\/wp-json\/wp\/v2\/tags?post=4118"}],"curies":[{"name":"wp","href":"https:\/\/api.w.org\/{rel}","templated":true}]}}