{"id":4078,"date":"2021-04-23T15:55:56","date_gmt":"2021-04-23T11:55:57","guid":{"rendered":"https:\/\/hondanet.ru\/isebace-horfir-til-framtidar\/"},"modified":"2021-04-23T15:55:56","modified_gmt":"2021-04-23T11:55:57","slug":"isebace-horfir-til-framtidar","status":"publish","type":"post","link":"https:\/\/hondanet.ru\/is\/isebace-horfir-til-framtidar\/","title":{"rendered":"{:is}EBACE horfir til framt\u00ed\u00f0ar"},"content":{"rendered":"<p>{:is}<br \/>\u00cd s\u00ed\u00f0ustu viku s\u00fdndi EBACE 2018 al\u00fej\u00f3\u00f0lega flugs\u00fdningin \u00ed Genf styrkingu og horfur \u00e1 evr\u00f3pska marka\u00f0num<\/p>\n<p class=\"MsoNormal\" style=\"text-align: justify;\"> \u00cd s\u00ed\u00f0ustu viku s\u00fdndi al\u00fej\u00f3\u00f0lega flugs\u00fdningin EBACE 2018 \u00ed Genf styrkingu og horfur \u00e1 evr\u00f3pska marka\u00f0num. \u00deetta endurspegla\u00f0ist \u00ed fj\u00f6lgun s\u00fdnenda, mikilli frammist\u00f6\u00f0u n\u00fdrra a\u00f0ila, st\u00e6r\u00f0 t\u00f6lfr\u00e6\u00f0innar og vi\u00f0skipta\u00e1\u00e6tlun sem beindist a\u00f0 horfum \u00ed greininni. <\/p>\n<p class=\"MsoNormal\" style=\"text-align: center;\">\n<p class=\"MsoNormal\" style=\"text-align: justify;\"> Vi\u00f0bur\u00f0inn s\u00f3ttu 418 s\u00fdnendur, sem er a\u00f0eins meira en talningin \u00ed fyrra, sem f\u00f3r einnig yfir 400. \u00c1 kyrrst\u00e6\u00f0a b\u00edlast\u00e6\u00f0inu voru 54 flugv\u00e9lar, allt fr\u00e1 vi\u00f0skiptaflugv\u00e9lum og mj\u00f6g langdr\u00e6gum vi\u00f0skipta\u00feotum til turboprop og stimpla flugv\u00e9la og \u00feyrla. \u00cd \u00e1r t\u00f3ku n\u00e6stum 100 n\u00fdir s\u00fdnendur \u00fe\u00e1tt \u00ed s\u00fdningunni \u00ed fyrsta skipti. \u00de\u00e1tttakendur EBACE 2018 komu fr\u00e1 100 l\u00f6ndum um allan heim. <\/p>\n<p class=\"MsoNormal\" style=\"text-align: center;\">\n<p class=\"MsoNormal\" style=\"text-align: justify;\"> \u00c1 vi\u00f0bur\u00f0inum voru n\u00fdjar og uppf\u00e6r\u00f0ar flugv\u00e9lar, \u00fear \u00e1 me\u00f0al HondaJet Elite fr\u00e1 Honda Aircraft og Bombardier Global 5500 og 6500. N\u00fd v\u00e9larfj\u00f6lskylda, Rolls-Royce Pearl 15, birtist einnig h\u00e9r. Tilbo\u00f0 voru ger\u00f0: Bombardier f\u00e9kk p\u00f6ntun fr\u00e1 HK Bellawings. \u00deotur a\u00f0 ver\u00f0m\u00e6ti 1.136 milljar\u00f0ar dala fyrir Global 6500 og 7500 og Embraer tilkynnti um s\u00f6lu \u00e1 fj\u00f3rum Legacy 650E a\u00f0 ver\u00f0m\u00e6ti 103,6 millj\u00f3nir dala til \u00fe\u00fdska Air Hamburg og Legacy 500 til bresku mi\u00f0l\u00ednu. <\/p>\n<p class=\"MsoNormal\" style=\"text-align: center;\">\n<p class=\"MsoNormal\" style=\"text-align: justify;\"> \u201e\u00dea\u00f0 hefur \u00e1n efa veri\u00f0 l\u00edfleg og hress vika hj\u00e1 EBACE. \u00dea\u00f0 benti \u00e1 \u00e1str\u00ed\u00f0u og \u00e1kef\u00f0 \u00ed hj\u00f6rtum flugsamf\u00e9lagsins, \u201csag\u00f0i J\u00fcrgen Wiese, forma\u00f0ur EBAA, annar skipuleggjanda EBACE. &#8222;S\u00fdningin endurspegla\u00f0i vir\u00f0ingu fyrir s\u00f6gu i\u00f0na\u00f0arins, sem og von um framt\u00ed\u00f0ina.&#8220;<\/p>\n<p class=\"MsoNormal\" style=\"text-align: justify;\"> \u00deessari sko\u00f0un deildi Ed Bohlen, forseti og forstj\u00f3ri NBAA: \u201eN\u00fd flugm\u00f3del, n\u00fd vi\u00f0skiptam\u00f3del, vi\u00f0urkenndir h\u00e1talarar og \u00fer\u00f3unin sem vi\u00f0 r\u00e6ddum benda til \u00f6flugrar i\u00f0na\u00f0ar sem horfir til morgundagsins.\u201c <\/p>\n<p class=\"MsoNormal\" style=\"text-align: center;\">\n<p class=\"MsoNormal\" style=\"text-align: justify;\"> \u00deegar horft er fram \u00e1 veginn kynnti flugi\u00f0na\u00f0urinn hj\u00e1 EBACE \u00e1taksverkefni til frekari \u00fer\u00f3unar og dreifingar \u00e1 \u00f6\u00f0ru eldsneyti. Einnig, innan ramma \u00fej\u00e1lfunar efnilegra s\u00e9rfr\u00e6\u00f0inga, var \u201eDegi ferils \u00ed atvinnuflugi\u201c skila\u00f0. \u00cd annarri \u00fatg\u00e1fu \u00feessa vi\u00f0bur\u00f0ar s\u00f3ttu 250 h\u00e1sk\u00f3lanemar og h\u00e1sk\u00f3lanemar fr\u00e1 \u00f6llum Evr\u00f3pu EBACE til a\u00f0 fr\u00e6\u00f0ast um atvinnum\u00f6guleika \u00ed atvinnuflugi.<\/p>\n<p class=\"MsoNormal\" style=\"text-align: justify;\"> EBAA sendi einnig fr\u00e1 s\u00e9r ranns\u00f3kn, Broadening Horizons: How Generation Y Sees the Future of Business Aviation, sem veitir inns\u00fdn \u00ed vi\u00f0urkenningu ungs fagf\u00f3lks \u00e1 gildi vi\u00f0skiptaflugs. <\/p>\n<p class=\"MsoNormal\" style=\"text-align: center;\">\n<p class=\"MsoNormal\" style=\"text-align: justify;\"> \u00ddmsar uppl\u00fdsingafundir r\u00e6ddu m\u00e1lefni \u00e1 bor\u00f0 vi\u00f0 Brexit, a\u00f0gang a\u00f0 evr\u00f3pskum flugv\u00f6llum og lofthelgi, hlutverki atvinnuflugs \u00ed kreppu\u00e1standi og eflingu atvinnum\u00f6guleika. EBACE st\u00f3\u00f0 einnig fyrir vinnustofu um al\u00fej\u00f3\u00f0leg flugv\u00e9lavi\u00f0skipti.<\/p>\n<p class=\"MsoNormal\" style=\"text-align: justify;\"> N\u00e6sta \u00e1r fer EBACE fram 21. til 23. ma\u00ed 2019 \u00ed Genf.<\/p>\n","protected":false},"excerpt":{"rendered":"<p>{:is}\u00cd s\u00ed\u00f0ustu viku s\u00fdndi EBACE 2018 al\u00fej\u00f3\u00f0lega flugs\u00fdningin \u00ed Genf styrkingu og horfur \u00e1 evr\u00f3pska marka\u00f0num \u00cd s\u00ed\u00f0ustu viku s\u00fdndi al\u00fej\u00f3\u00f0lega flugs\u00fdningin EBACE 2018 \u00ed Genf styrkingu og horfur \u00e1 evr\u00f3pska marka\u00f0num. \u00deetta endurspegla\u00f0ist \u00ed fj\u00f6lgun s\u00fdnenda, mikilli frammist\u00f6\u00f0u n\u00fdrra a\u00f0ila, st\u00e6r\u00f0 t\u00f6lfr\u00e6\u00f0innar og vi\u00f0skipta\u00e1\u00e6tlun sem beindist a\u00f0&hellip;<\/p>\n","protected":false},"author":1,"featured_media":2445,"comment_status":"open","ping_status":"open","sticky":false,"template":"","format":"standard","meta":[],"categories":[275],"tags":[],"_links":{"self":[{"href":"https:\/\/hondanet.ru\/is\/wp-json\/wp\/v2\/posts\/4078"}],"collection":[{"href":"https:\/\/hondanet.ru\/is\/wp-json\/wp\/v2\/posts"}],"about":[{"href":"https:\/\/hondanet.ru\/is\/wp-json\/wp\/v2\/types\/post"}],"author":[{"embeddable":true,"href":"https:\/\/hondanet.ru\/is\/wp-json\/wp\/v2\/users\/1"}],"replies":[{"embeddable":true,"href":"https:\/\/hondanet.ru\/is\/wp-json\/wp\/v2\/comments?post=4078"}],"version-history":[{"count":0,"href":"https:\/\/hondanet.ru\/is\/wp-json\/wp\/v2\/posts\/4078\/revisions"}],"wp:featuredmedia":[{"embeddable":true,"href":"https:\/\/hondanet.ru\/is\/wp-json\/wp\/v2\/media\/2445"}],"wp:attachment":[{"href":"https:\/\/hondanet.ru\/is\/wp-json\/wp\/v2\/media?parent=4078"}],"wp:term":[{"taxonomy":"category","embeddable":true,"href":"https:\/\/hondanet.ru\/is\/wp-json\/wp\/v2\/categories?post=4078"},{"taxonomy":"post_tag","embeddable":true,"href":"https:\/\/hondanet.ru\/is\/wp-json\/wp\/v2\/tags?post=4078"}],"curies":[{"name":"wp","href":"https:\/\/api.w.org\/{rel}","templated":true}]}}