{"id":4076,"date":"2021-04-23T15:55:48","date_gmt":"2021-04-23T11:55:50","guid":{"rendered":"https:\/\/hondanet.ru\/isflugbill-2009\/"},"modified":"2021-04-23T15:55:48","modified_gmt":"2021-04-23T11:55:50","slug":"isflugbill-2009","status":"publish","type":"post","link":"https:\/\/hondanet.ru\/is\/isflugbill-2009\/","title":{"rendered":"{:is}Flugb\u00edll &#8211; 2009"},"content":{"rendered":"<p>{:is}<\/p>\n<p>Eurocontrol sag\u00f0i a\u00f0 samkv\u00e6mt t\u00f6lfr\u00e6\u00f0i s\u00ed\u00f0ustu m\u00e1na\u00f0a f\u00e6kka\u00f0i atvinnufluginu \u00ed ESB l\u00f6ndunum um 16-17% mi\u00f0a\u00f0 vi\u00f0 s\u00ed\u00f0asta \u00e1r. Flugfyrirt\u00e6ki halda \u00fev\u00ed hins vegar fram a\u00f0 vi\u00f0skipta\u00fej\u00f3nusta \u00feeirra ver\u00f0i mest eftirs\u00f3tt &#8230;<\/p>\n<\/p>\n<p align=\"justify\"> <strong>Eurocontrol sag\u00f0i a\u00f0 samkv\u00e6mt t\u00f6lfr\u00e6\u00f0i s\u00ed\u00f0ustu m\u00e1na\u00f0a f\u00e6kka\u00f0i atvinnufluginu \u00ed ESB l\u00f6ndunum um 16-17% mi\u00f0a\u00f0 vi\u00f0 s\u00ed\u00f0asta \u00e1r. Flugfyrirt\u00e6ki halda \u00fev\u00ed hins vegar fram a\u00f0 vi\u00f0skipta\u00fej\u00f3nusta \u00feeirra ver\u00f0i mest eftirs\u00f3tt &#8230;<\/strong><\/p>\n<p align=\"justify\">\n<p align=\"justify\"> \u00der\u00e1tt fyrir \u201eheimskreppuna\u201c hefur flugf\u00e9lagi\u00f0 Blink (UK), me\u00f0 a\u00f0setur \u00e1 Farnborough flugvelli, st\u00e6kka\u00f0 flota sinn me\u00f0 fj\u00f3r\u00f0u Citation Mustang fr\u00e1 Cessna. \u00deegar hann h\u00f3f starfsemi s\u00edna \u00ed j\u00fan\u00ed \u00e1 s\u00ed\u00f0asta \u00e1ri panta\u00f0i 30 Citation Mustang l\u00e9ttar \u00feotur og ver\u00f0a st\u00e6rsti vi\u00f0skiptavinur v\u00e9larinnar. \u00cd lok \u00e1rs 2009 gerir fyrirt\u00e6ki\u00f0 r\u00e1\u00f0 fyrir a\u00f0 f\u00e1 fimm sl\u00edkar flugv\u00e9lar til vi\u00f0b\u00f3tar. \u201eN\u00faverandi efnahagsa\u00f0st\u00e6\u00f0ur hafa leitt til aukins \u00e1huga \u00e1 \u00fej\u00f3nustu okkar fr\u00e1 fyrirt\u00e6kjum sem reyna a\u00f0 l\u00e6kka kostna\u00f0 sinn me\u00f0 \u00fev\u00ed a\u00f0 yfirgefa st\u00f3rar \u00feotur fyrirt\u00e6kja. En f\u00f3lk \u00fearf samt a\u00f0 flj\u00faga og \u00fea\u00f0 er a\u00f0 leita a\u00f0 \u00f3d\u00fdrustu lei\u00f0unum \u00ed dag. Fyrirt\u00e6ki okkar var heppi\u00f0 a\u00f0 finna 30 millj\u00f3nir Bandar\u00edkjadala sem vi\u00f0 \u00feurftum aftur \u00e1ri\u00f0 2007, \u00feegar efnahagsumhverfi\u00f0 var st\u00f6\u00f0ugt, \u201csegir Peter Leiman, framkv\u00e6mdastj\u00f3ri og me\u00f0stofnandi Blink. \u00c1 sama t\u00edma \u00e6tlar Blink a\u00f0 opna b\u00e6kist\u00f6\u00f0 \u00e1 meginlandi Evr\u00f3pu fyrri hluta \u00e1rs 2009.<\/p>\n<p align=\"justify\"> Annar flug leigub\u00edlstj\u00f3ri JetBird (\u00cdrland) \u00e6tlar a\u00f0 taka \u00e1 m\u00f3ti fyrstu Phenom 100 v\u00e9linni sinni (VLJ framleidd af Embraer) \u00ed apr\u00edl \u00e1 \u00feessu \u00e1ri. Samkv\u00e6mt \u00fev\u00ed gerir JetBird r\u00e1\u00f0 fyrir a\u00f0 ver\u00f0a st\u00e6rsti \u201el\u00e1ggjaldaflugv\u00e9l\u201c \u00ed Evr\u00f3pu. Floti flugf\u00e9lagsins \u00e6tti a\u00f0 vera 100 Phenom 100 flugv\u00e9lar. \u00c1\u00e6tla\u00f0 er a\u00f0 hefja flug \u00ed j\u00fan\u00ed 2009. \u00c1 sama t\u00edma, \u00e1 fyrsta stigi, mun lei\u00f0akerfi\u00f0 beinast a\u00f0 R\u00edn-Ruhr sv\u00e6\u00f0inu \u00ed su\u00f0vestur \u00de\u00fdskalandi. \u201eAlltaf \u00feegar \u00fea\u00f0 er efnahagskreppa er f\u00f3lk a\u00f0 leita a\u00f0 \u00f6\u00f0rum kostum. Vi\u00f0 h\u00f6fum n\u00fa \u00feegar vi\u00f0skiptavini, \u00fe\u00f3 a\u00f0 vi\u00f0 h\u00f6fum ekki einu sinni hafi\u00f0 marka\u00f0s\u00e1tak, \u201csegir Stefan Vilner, forstj\u00f3ri JetBird. Fyrirt\u00e6ki\u00f0 hefur \u00feegar greitt fyrir afhendingu 25 flugv\u00e9la. \u00c1 sama t\u00edma voru n\u00edu flugv\u00e9lar til vi\u00f0b\u00f3tar fluttar \u00ed fasta p\u00f6ntun fr\u00e1 50 flugv\u00e9lum. Verslunarrekstur Phenom 100, eins og evr\u00f3pskir vi\u00f0skiptavinir gera r\u00e1\u00f0 fyrir, hefst \u00ed j\u00fan\u00ed 2009 \u00fear sem \u00fea\u00f0 tekur t\u00edma fyrir \u00feessa tegund flugv\u00e9la a\u00f0 f\u00e1 vottun.<\/p>\n<p align=\"justify\"> Flug leigub\u00edlafyrirt\u00e6ki\u00f0 Bikkair (Holland) h\u00f3f st\u00f6rf \u00ed Rotterdam \u00ed mars 2008. Hinga\u00f0 til hefur f\u00e9lagi\u00f0 tv\u00e6r Citation Mustang flugv\u00e9lar \u00ed flota s\u00ednum, \u00fe\u00f3 a\u00f0 p\u00f6ntun hafi veri\u00f0 ger\u00f0 \u00e1 fj\u00f3rum sl\u00edkum v\u00e9lum. Stj\u00f3rnendur Bikkair tilkynntu a\u00f0 eins og stendur hafi \u00feeir ekki efnahagslega getu til a\u00f0 stj\u00f3rna fleiri en tveimur \u00feotum en b\u00faast vi\u00f0 a\u00f0 b\u00e6ta flotann me\u00f0 \u00feri\u00f0ju flugv\u00e9linni \u00ed j\u00fan\u00ed.<\/p>\n<p align=\"justify\"> \u00cd Su\u00f0ur-Evr\u00f3pu er h\u00fan a\u00f0 undirb\u00faa a\u00f0 hefja flutninga \u00ed atvinnuskyni \u00e1 eigin flugv\u00e9l TaxiJet (Sp\u00e1ni). Upphaflega var vali\u00f0 gert \u00ed \u00fe\u00e1gu Eclipse 500 og \u00e1tti a\u00f0 hefja starfsemi \u00e1 \u00feri\u00f0ja \u00e1rsfj\u00f3r\u00f0ungi 2009. Samt sem \u00e1\u00f0ur segir framkv\u00e6mdastj\u00f3ri TaxiJet Conor Neill: \u201eVi\u00f0 erum enn stu\u00f0ningsmenn Eclipse 500, en ef \u00e1standi\u00f0 breytist ekki , ver\u00f0um vi\u00f0 a\u00f0 beina sj\u00f3num okkar a\u00f0 flugv\u00e9lum eins og Embraer Phenom 100 og Cessna Citation Mustang. \u201c<\/p>\n<p align=\"justify\"> Me\u00f0al fj\u00f6lbreytni VLJ m\u00f3delanna, me\u00f0 b\u00e6\u00f0i einni og tveimur \u00feotuv\u00e9lum, eru allar flugv\u00e9lar afbrig\u00f0i fr\u00e1 landi. Og a\u00f0eins Maverick Jets b\u00fd\u00f0ur upp \u00e1 mj\u00f6g \u00f3venjulegt SeaJet verkefni &#8211; sj\u00f3flugv\u00e9l ger\u00f0 eftir h\u00f6nnun flugb\u00e1ts. \u00dea\u00f0 er fimm s\u00e6ta tveggja hreyfla VLJ sem, ef sm\u00ed\u00f0u\u00f0, v\u00e6ri bylting \u00ed l\u00e9ttu sj\u00f3flugv\u00e9linni.<\/p>\n<p align=\"justify\">\n<p> <strong>Tegund VLJ<\/strong> <strong>verktaki<\/strong> <strong>Verkefnas\u00ed\u00f0a<\/strong> <strong>A\u00f0albyggingarefni<\/strong> <strong>Fj\u00f6ldi s\u00e6ta<br \/> (\u00fe.m.t. flugma\u00f0ur)<\/strong> <strong>A700<\/strong> AAI Acuisition, Inc. www.a700jet.com Carbon Fiber6-7 <strong>D-Jet<\/strong> Diamond Aircraft www.diamondaircraft.com Carbon Fiber5 <strong>Eclipse 500<\/strong> Eclipse Aviation <strong>www.eclipseaviation.comAluminum5-6 Eclipse 400<\/strong> 4 <strong>Elite<\/strong> Epic Aircraft www.epicaircraft.com Carbon Fiber6-8 <strong>Sigur<\/strong> 4- 5 <strong>HondaJet<\/strong> Hondahondajet. Honda.comComp.\/Aluminum6 <strong>Independence S.33<\/strong> Spectrumwww.spectrum.aeroCarbon Fiber6-9 <strong>Mustang<\/strong> Cessna Aircraft www.cessna.comAluminum6 <strong>Phenom 100<\/strong> Embraer www.embraer.comAluminum6 <strong>PiperJet<\/strong> Piper Aircraft www.piperjet.piper.comAluminum6-7 <strong>SmartJet<\/strong> Maverick Jets maverickjets.comComp.\/Aluminum5 <strong>SoloJet<\/strong> 5 <strong><strong>SPn Grob Aerospacewww.grob-spn.comCarbon Fiber6 Sport-<\/strong><\/strong> Jet II Excel-Jetwww.exceljetair.comComp.\/Aluminum4 Stratos <strong>714<\/strong> Stratos Aircraftwww.stratosaircraft.comComp.\/Aluminum <strong>Vision<\/strong> H\u00f6nnunwww.the -jet.comCarbon Fiber5<\/p>\n<p align=\"justify\">\n<p align=\"justify\"> \u00deetta litla yfirlit yfir horfur fyrir \u00fer\u00f3un flugsamgangna \u00ed Evr\u00f3pu me\u00f0 mj\u00f6g l\u00e9ttum \u00feotum (Very Light Jet) s\u00fdnir gl\u00f6gglega a\u00f0 \u00fe\u00f6rf fyrir flugv\u00e9lar af \u00feessum flokki er eftir. A\u00f0 auki er enn ekki h\u00e6gt a\u00f0 draga \u00far m\u00f6guleikum \u00e1 a\u00f0 eignast sl\u00edkar flugv\u00e9lar \u00ed eigu fyrirt\u00e6kja e\u00f0a \u00ed einkaeigu sem \u00feotur af l\u00e6gri ver\u00f0flokki.<\/p>\n<p align=\"justify\"> \u00cd byrjun \u00e1rs 2009, af \u00f6llum heimsfr\u00e6gu VLJ verktaki, tilkynnti a\u00f0eins eitt fyrirt\u00e6ki, Aviation Tech Group, me\u00f0 tveggja s\u00e6ta Javelin l\u00edkan, a\u00f0 flugv\u00e9la\u00e1\u00e6tluninni yr\u00f0i loka\u00f0. Restin er \u00e1 \u00fdmsum stigum l\u00edfsferilsins. \u00c1 sama t\u00edma eru fj\u00f6ldi verkefna sem eru st\u00f6\u00f0va\u00f0ar endurseldar til n\u00fdrra eigenda og um sumar \u00feeirra koma uppl\u00fdsingarnar einfaldlega ekki vi\u00f0, vegna \u00feess a\u00f0 fer ekki \u00ed opnar heimildir og er ekki uppf\u00e6r\u00f0 \u00e1 opinberum s\u00ed\u00f0um.<\/p>\n<p align=\"justify\"> Heimild: <u>AeroJet.su<\/u><\/p>\n","protected":false},"excerpt":{"rendered":"<p>{:is} Eurocontrol sag\u00f0i a\u00f0 samkv\u00e6mt t\u00f6lfr\u00e6\u00f0i s\u00ed\u00f0ustu m\u00e1na\u00f0a f\u00e6kka\u00f0i atvinnufluginu \u00ed ESB l\u00f6ndunum um 16-17% mi\u00f0a\u00f0 vi\u00f0 s\u00ed\u00f0asta \u00e1r. Flugfyrirt\u00e6ki halda \u00fev\u00ed hins vegar fram a\u00f0 vi\u00f0skipta\u00fej\u00f3nusta \u00feeirra ver\u00f0i mest eftirs\u00f3tt &#8230; Eurocontrol sag\u00f0i a\u00f0 samkv\u00e6mt t\u00f6lfr\u00e6\u00f0i s\u00ed\u00f0ustu m\u00e1na\u00f0a f\u00e6kka\u00f0i atvinnufluginu \u00ed ESB l\u00f6ndunum um 16-17% mi\u00f0a\u00f0 vi\u00f0&hellip;<\/p>\n","protected":false},"author":1,"featured_media":2445,"comment_status":"open","ping_status":"open","sticky":false,"template":"","format":"standard","meta":[],"categories":[275],"tags":[],"_links":{"self":[{"href":"https:\/\/hondanet.ru\/is\/wp-json\/wp\/v2\/posts\/4076"}],"collection":[{"href":"https:\/\/hondanet.ru\/is\/wp-json\/wp\/v2\/posts"}],"about":[{"href":"https:\/\/hondanet.ru\/is\/wp-json\/wp\/v2\/types\/post"}],"author":[{"embeddable":true,"href":"https:\/\/hondanet.ru\/is\/wp-json\/wp\/v2\/users\/1"}],"replies":[{"embeddable":true,"href":"https:\/\/hondanet.ru\/is\/wp-json\/wp\/v2\/comments?post=4076"}],"version-history":[{"count":0,"href":"https:\/\/hondanet.ru\/is\/wp-json\/wp\/v2\/posts\/4076\/revisions"}],"wp:featuredmedia":[{"embeddable":true,"href":"https:\/\/hondanet.ru\/is\/wp-json\/wp\/v2\/media\/2445"}],"wp:attachment":[{"href":"https:\/\/hondanet.ru\/is\/wp-json\/wp\/v2\/media?parent=4076"}],"wp:term":[{"taxonomy":"category","embeddable":true,"href":"https:\/\/hondanet.ru\/is\/wp-json\/wp\/v2\/categories?post=4076"},{"taxonomy":"post_tag","embeddable":true,"href":"https:\/\/hondanet.ru\/is\/wp-json\/wp\/v2\/tags?post=4076"}],"curies":[{"name":"wp","href":"https:\/\/api.w.org\/{rel}","templated":true}]}}