{"id":2944,"date":"2021-04-22T18:28:16","date_gmt":"2021-04-22T14:28:18","guid":{"rendered":"https:\/\/hondanet.ru\/azscuderia-alpha-tauri-luks-bir-h%c9%99diyy%c9%99-aldi\/"},"modified":"2021-04-22T18:28:16","modified_gmt":"2021-04-22T14:28:18","slug":"azscuderia-alpha-tauri-luks-bir-h%c9%99diyy%c9%99-aldi","status":"publish","type":"post","link":"https:\/\/hondanet.ru\/az\/azscuderia-alpha-tauri-luks-bir-h%c9%99diyy%c9%99-aldi\/","title":{"rendered":"{:az}Scuderia Alpha Tauri l\u00fcks bir h\u0259diyy\u0259 ald\u0131"},"content":{"rendered":"<p>{:az}<br \/>Honda Aircraft &#39;yar\u0131\u015f&#39; Elitini t\u0259qdim edir<\/p>\n<p class=\"MsoNormal\" style=\"text-align: justify;\"> Avstriyan\u0131n Red Bull konsernin\u0259 m\u0259xsus olan Formula 1 yar\u0131\u015f komandas\u0131 Scuderia Alpha Tauri, yeni bir i\u015f t\u0259yyar\u0259si HondaJet Elite&#39;i x\u00fcsusi bir qar\u0131\u015f\u0131qda t\u0259qdim etdi. T\u0259qdimat m\u0259rasimin\u0259 Honda Aircraft \u015firk\u0259tinin prezidenti v\u0259 ba\u015f direktoru Michimasa Fujino \u015f\u0259xs\u0259n qat\u0131ld\u0131. Foto\u015f\u0259kill\u0259rd\u0259n d\u0259 g\u00f6r\u00fcnd\u00fcy\u00fc kimi, t\u0259yyar\u0259 Avstriyada qeyd\u0259 al\u0131n\u0131b v\u0259 m\u0259rasimin \u00f6z\u00fc ikonik Hangar 7-d\u0259 Salzburqda ba\u015f tutub. Bundan \u0259vv\u0259l Red Bull HondaJet Elite\u2019i ald\u0131\u011f\u0131n\u0131 elan etmi\u015fdi, lakin bu t\u0259yyar\u0259 h\u0259l\u0259 d\u0259 istehsal\u00e7\u0131ya m\u0259xsusdur. . Komandan\u0131n pilotlar\u0131n\u0131n yar\u0131\u015flara yeni markal\u0131 i\u015f t\u0259yyar\u0259si il\u0259 u\u00e7aca\u011f\u0131 g\u00f6zl\u0259nilir. <\/p>\n<p class=\"MsoNormal\" style=\"text-align: center;\">\n<p class=\"MsoNormal\" style=\"text-align: justify;\"> 2018-ci ilin may ay\u0131nda Avropa \u0130\u015f Aviasiya S\u0259rgisi EVACE 2018-d\u0259 Honda Aircraft Company, y\u00fcng\u00fcl t\u0259yyar\u0259nin HondaJet Elite ad\u0131n\u0131 alm\u0131\u015f t\u0259kmill\u0259\u015fdirilmi\u015f bir versiyas\u0131n\u0131 t\u0259qdim etdi. Yenil\u0259nmi\u015f t\u0259yyar\u0259% 17 art\u0131r\u0131lm\u0131\u015f u\u00e7u\u015f m\u0259saf\u0259sini (+396 km) al\u0131b v\u0259 m\u00fch\u0259rrikl\u0259rin tezlik s\u0259s-k\u00fcy\u00fcn\u00fc \u0259h\u0259miyy\u0259tli d\u0259r\u0259c\u0259d\u0259 azalda bil\u0259n v\u0259 kabin\u0259d\u0259ki s\u0259s izolyasiyas\u0131n\u0131 yax\u015f\u0131la\u015fd\u0131ran yeni haz\u0131rlanm\u0131\u015f s\u0259s-k\u00fcy \u0259mici hava giri\u015fi il\u0259 t\u0259chiz edilmi\u015fdir. Bundan \u0259lav\u0259, yeni t\u0259yyar\u0259nin inki\u015faf etmi\u015f aviasiya sistemi, u\u00e7u\u015flar\u0131n t\u0259hl\u00fck\u0259sizliyini art\u0131rmaq \u00fc\u00e7\u00fcn optimal u\u00e7u\u015f planla\u015fd\u0131r\u0131lmas\u0131 \u00fc\u00e7\u00fcn \u0259lav\u0259 performans idar\u0259etm\u0259 x\u00fcsusiyy\u0259tl\u0259ri il\u0259 yana\u015f\u0131, avtomatik stabilizasiya v\u0259 qoruma x\u00fcsusiyy\u0259tl\u0259rini d\u0259 \u00f6z\u00fcnd\u0259 c\u0259ml\u0259\u015fdirir. <\/p>\n<p class=\"MsoNormal\" style=\"text-align: center;\">\n<p class=\"MsoNormal\" style=\"text-align: justify;\"> HondaJet Elite, t\u0259bii laminar ax\u0131n (NLF) texnologiyas\u0131 v\u0259 kompozit g\u00f6vd\u0259 daxil olmaqla Honda Aircraft t\u0259r\u0259find\u0259n haz\u0131rlanm\u0131\u015f aviasiya k\u0259\u015ffl\u0259rini miras al\u0131r. T\u0259yyar\u0259, kateqoriyas\u0131nda \u0259n s\u0259m\u0259r\u0259li, \u0259n s\u0259ssiz, \u0259n s\u00fcr\u0259tli v\u0259 \u0259n uzun u\u00e7u\u015f olma\u011fa davam edir. <\/p>\n<p class=\"MsoNormal\" style=\"text-align: center;\">\n<p class=\"MsoNormal\" style=\"text-align: justify;\"> Haz\u0131rda d\u00fcnyada 40-a yax\u0131n HondaJet Elit istismar olunur.<\/p>\n","protected":false},"excerpt":{"rendered":"<p>{:az}Honda Aircraft &#39;yar\u0131\u015f&#39; Elitini t\u0259qdim edir Avstriyan\u0131n Red Bull konsernin\u0259 m\u0259xsus olan Formula 1 yar\u0131\u015f komandas\u0131 Scuderia Alpha Tauri, yeni bir i\u015f t\u0259yyar\u0259si HondaJet Elite&#39;i x\u00fcsusi bir qar\u0131\u015f\u0131qda t\u0259qdim etdi. T\u0259qdimat m\u0259rasimin\u0259 Honda Aircraft \u015firk\u0259tinin prezidenti v\u0259 ba\u015f direktoru Michimasa Fujino \u015f\u0259xs\u0259n qat\u0131ld\u0131. Foto\u015f\u0259kill\u0259rd\u0259n d\u0259 g\u00f6r\u00fcnd\u00fcy\u00fc kimi, t\u0259yyar\u0259&hellip;<\/p>\n","protected":false},"author":1,"featured_media":2445,"comment_status":"open","ping_status":"open","sticky":false,"template":"","format":"standard","meta":[],"categories":[253],"tags":[],"_links":{"self":[{"href":"https:\/\/hondanet.ru\/az\/wp-json\/wp\/v2\/posts\/2944"}],"collection":[{"href":"https:\/\/hondanet.ru\/az\/wp-json\/wp\/v2\/posts"}],"about":[{"href":"https:\/\/hondanet.ru\/az\/wp-json\/wp\/v2\/types\/post"}],"author":[{"embeddable":true,"href":"https:\/\/hondanet.ru\/az\/wp-json\/wp\/v2\/users\/1"}],"replies":[{"embeddable":true,"href":"https:\/\/hondanet.ru\/az\/wp-json\/wp\/v2\/comments?post=2944"}],"version-history":[{"count":0,"href":"https:\/\/hondanet.ru\/az\/wp-json\/wp\/v2\/posts\/2944\/revisions"}],"wp:featuredmedia":[{"embeddable":true,"href":"https:\/\/hondanet.ru\/az\/wp-json\/wp\/v2\/media\/2445"}],"wp:attachment":[{"href":"https:\/\/hondanet.ru\/az\/wp-json\/wp\/v2\/media?parent=2944"}],"wp:term":[{"taxonomy":"category","embeddable":true,"href":"https:\/\/hondanet.ru\/az\/wp-json\/wp\/v2\/categories?post=2944"},{"taxonomy":"post_tag","embeddable":true,"href":"https:\/\/hondanet.ru\/az\/wp-json\/wp\/v2\/tags?post=2944"}],"curies":[{"name":"wp","href":"https:\/\/api.w.org\/{rel}","templated":true}]}}